{"id":236,"date":"2024-03-04T11:53:31","date_gmt":"2024-03-04T10:53:31","guid":{"rendered":"https:\/\/sempreinsieme.pl\/?p=236"},"modified":"2024-03-04T11:53:32","modified_gmt":"2024-03-04T10:53:32","slug":"pomoc-dla-synkow-samotnej-matki","status":"publish","type":"post","link":"https:\/\/sempreinsieme.pl\/index.php\/2024\/03\/04\/pomoc-dla-synkow-samotnej-matki\/","title":{"rendered":"Pomoc dla synk\u00f3w samotnej matki"},"content":{"rendered":"\n<p>W niedziel\u0119 19 lutego zawie\u017ali\u015bmy spory zapas pieluch, mleka modyfikowanego, kaszek, ubra\u0144 i zabawek dla m\u0142odej samotnej matki i jej dw\u00f3ch synk\u00f3w w wieku 6 miesi\u0119cy i 1,5 roku. Aktualne mieszkaj\u0105 oni w Domu Samotnej Matki Etezja na Bia\u0142o\u0142\u0119ce. <\/p>\n\n\n\n<figure class=\"wp-block-image\"><img loading=\"lazy\" decoding=\"async\" width=\"2000\" height=\"1500\" src=\"https:\/\/sempreinsieme.pl\/wp-content\/uploads\/2024\/03\/1.jpg\" alt=\"\" class=\"wp-image-237\" srcset=\"https:\/\/sempreinsieme.pl\/wp-content\/uploads\/2024\/03\/1.jpg 2000w, https:\/\/sempreinsieme.pl\/wp-content\/uploads\/2024\/03\/1-300x225.jpg 300w, https:\/\/sempreinsieme.pl\/wp-content\/uploads\/2024\/03\/1-1024x768.jpg 1024w, https:\/\/sempreinsieme.pl\/wp-content\/uploads\/2024\/03\/1-768x576.jpg 768w, https:\/\/sempreinsieme.pl\/wp-content\/uploads\/2024\/03\/1-1536x1152.jpg 1536w, https:\/\/sempreinsieme.pl\/wp-content\/uploads\/2024\/03\/1-1568x1176.jpg 1568w\" sizes=\"auto, (max-width: 2000px) 100vw, 2000px\" \/><\/figure>\n","protected":false},"excerpt":{"rendered":"<p>W niedziel\u0119 19 lutego zawie\u017ali\u015bmy spory zapas pieluch, mleka modyfikowanego, kaszek, ubra\u0144 i zabawek dla m\u0142odej samotnej matki i jej dw\u00f3ch synk\u00f3w w wieku 6 miesi\u0119cy i 1,5 roku. Aktualne mieszkaj\u0105 oni w Domu Samotnej Matki Etezja na Bia\u0142o\u0142\u0119ce.<\/p>\n","protected":false},"author":1,"featured_media":0,"comment_status":"open","ping_status":"open","sticky":false,"template":"","format":"standard","meta":{"footnotes":""},"categories":[1],"tags":[],"class_list":["post-236","post","type-post","status-publish","format-standard","hentry","category-aktualnosci","entry"],"_links":{"self":[{"href":"https:\/\/sempreinsieme.pl\/index.php\/wp-json\/wp\/v2\/posts\/236","targetHints":{"allow":["GET"]}}],"collection":[{"href":"https:\/\/sempreinsieme.pl\/index.php\/wp-json\/wp\/v2\/posts"}],"about":[{"href":"https:\/\/sempreinsieme.pl\/index.php\/wp-json\/wp\/v2\/types\/post"}],"author":[{"embeddable":true,"href":"https:\/\/sempreinsieme.pl\/index.php\/wp-json\/wp\/v2\/users\/1"}],"replies":[{"embeddable":true,"href":"https:\/\/sempreinsieme.pl\/index.php\/wp-json\/wp\/v2\/comments?post=236"}],"version-history":[{"count":1,"href":"https:\/\/sempreinsieme.pl\/index.php\/wp-json\/wp\/v2\/posts\/236\/revisions"}],"predecessor-version":[{"id":239,"href":"https:\/\/sempreinsieme.pl\/index.php\/wp-json\/wp\/v2\/posts\/236\/revisions\/239"}],"wp:attachment":[{"href":"https:\/\/sempreinsieme.pl\/index.php\/wp-json\/wp\/v2\/media?parent=236"}],"wp:term":[{"taxonomy":"category","embeddable":true,"href":"https:\/\/sempreinsieme.pl\/index.php\/wp-json\/wp\/v2\/categories?post=236"},{"taxonomy":"post_tag","embeddable":true,"href":"https:\/\/sempreinsieme.pl\/index.php\/wp-json\/wp\/v2\/tags?post=236"}],"curies":[{"name":"wp","href":"https:\/\/api.w.org\/{rel}","templated":true}]}}